{"id":847,"date":"2025-06-13T14:16:08","date_gmt":"2025-06-13T14:16:08","guid":{"rendered":"https:\/\/annaaresi.com\/it\/?p=847"},"modified":"2025-11-24T20:16:04","modified_gmt":"2025-11-24T20:16:04","slug":"libri-in-italiano-per-bambini","status":"publish","type":"post","link":"https:\/\/annaaresi.com\/it\/libri-in-italiano-per-bambini\/","title":{"rendered":"Dieci libri in italiano da leggere in vacanza"},"content":{"rendered":"\n<p>I tempi pi\u00f9 distesi delle vacanze estive offrono momenti perfetti per leggere insieme in italiano con i propri figli e figlie. <strong>Se la tua famiglia multilingue parla anche italiano e sei alla ricerca<\/strong> <strong>di consigli di lettura, ecco dieci libri in italiano per bambini e bambine dagli 0 agli 8 anni<\/strong>. Perfetti sotto l\u2019ombrellone, in aereo o tra una passeggiata e l\u2019altra in montagna!<\/p>\n\n\n\n<p><strong>Ho scelto tra i libri pi\u00f9 amati<\/strong> dai bambini e dalle bambine con cui leggo da anni, sia in famiglia che nei miei gruppi di italiano. Sono certa che ne troverai almeno uno perfetto anche per la tua famiglia!<\/p>\n\n\n\n<h2 class=\"wp-block-heading\">Libri in italiano per piccolissimi e piccolissime (0-3 anni)<\/h2>\n\n\n\n<h3 class=\"wp-block-heading\">1. <em>Il piccolo bruco mai sazio<\/em>, di Eric Carle, trad. G. Arneri<\/h3>\n\n\n\n<figure class=\"wp-block-image size-large\"><img fetchpriority=\"high\" decoding=\"async\" width=\"1024\" height=\"648\" src=\"https:\/\/annaaresi.com\/it\/wp-content\/uploads\/sites\/2\/2025\/05\/dieci-libri-da-leggere-in-vacanza-1-1024x648.jpg\" alt=\"\" class=\"wp-image-880\" srcset=\"https:\/\/annaaresi.com\/it\/wp-content\/uploads\/sites\/2\/2025\/05\/dieci-libri-da-leggere-in-vacanza-1-1024x648.jpg 1024w, https:\/\/annaaresi.com\/it\/wp-content\/uploads\/sites\/2\/2025\/05\/dieci-libri-da-leggere-in-vacanza-1-300x190.jpg 300w, https:\/\/annaaresi.com\/it\/wp-content\/uploads\/sites\/2\/2025\/05\/dieci-libri-da-leggere-in-vacanza-1-768x486.jpg 768w, https:\/\/annaaresi.com\/it\/wp-content\/uploads\/sites\/2\/2025\/05\/dieci-libri-da-leggere-in-vacanza-1.jpg 1151w\" sizes=\"(max-width: 1024px) 100vw, 1024px\" \/><\/figure>\n\n\n\n<p><em><a href=\"https:\/\/amzn.to\/3ZqNsWW\" target=\"_blank\" rel=\"noreferrer noopener\">Il piccolo bruco mai sazio<\/a><\/em> \u00e8 un classico senza tempo, sempre godibilissimo e disponibile in molteplici formati. Il bruco fa capolino in un giorno di sole e divora, uno dopo l&#8217;altro, moltissimi frutti estivi.<\/p>\n\n\n\n<p><a href=\"https:\/\/amzn.to\/4kxYEJC\" target=\"_blank\" rel=\"noreferrer noopener\">Le edizioni pop up<\/a> e quelle cartonate con i buchi sono una <strong>fonte inesauribile di interesse per piccole dita<\/strong>: coinvolgono tutti i sensi per una lettura condivisa davvero coinvolgente.<\/p>\n\n\n\n<p>Io penso di aver letto questo libro ormai migliaia di volte, ma non mi sono ancora stancata!<\/p>\n\n\n\n<h3 class=\"wp-block-heading\">2. <em>Peggy fa giardinaggio<\/em>, di Tonka Uzu<\/h3>\n\n\n\n<figure class=\"wp-block-image size-large\"><img decoding=\"async\" width=\"1024\" height=\"509\" src=\"https:\/\/annaaresi.com\/it\/wp-content\/uploads\/sites\/2\/2025\/05\/dieci-libri-in-italiano-da-leggere-in-vacanza-2.jpg-1024x509.webp\" alt=\"\" class=\"wp-image-855\" srcset=\"https:\/\/annaaresi.com\/it\/wp-content\/uploads\/sites\/2\/2025\/05\/dieci-libri-in-italiano-da-leggere-in-vacanza-2.jpg-1024x509.webp 1024w, https:\/\/annaaresi.com\/it\/wp-content\/uploads\/sites\/2\/2025\/05\/dieci-libri-in-italiano-da-leggere-in-vacanza-2.jpg-300x149.webp 300w, https:\/\/annaaresi.com\/it\/wp-content\/uploads\/sites\/2\/2025\/05\/dieci-libri-in-italiano-da-leggere-in-vacanza-2.jpg-768x382.webp 768w, https:\/\/annaaresi.com\/it\/wp-content\/uploads\/sites\/2\/2025\/05\/dieci-libri-in-italiano-da-leggere-in-vacanza-2.jpg-1536x764.webp 1536w, https:\/\/annaaresi.com\/it\/wp-content\/uploads\/sites\/2\/2025\/05\/dieci-libri-in-italiano-da-leggere-in-vacanza-2.jpg.webp 1600w\" sizes=\"(max-width: 1024px) 100vw, 1024px\" \/><\/figure>\n\n\n\n<p>Una delle gioie estive \u00e8 quella di <strong>lavorare in giardino e nell&#8217;orto<\/strong>: scavare buchi nella terra e magari trovarci un vermicello, osservare come cambiano fiori e frutti giorno dopo giorno, strappare le erbacce, aiutare mamma e pap\u00e0 con innaffiatoio e carriola.<\/p>\n\n\n\n<p>Anche Peggy non vede l&#8217;ora di aiutare la mamma in giardino, ma il suo volenteroso &#8220;faccio io!&#8221; la porta a combinare qualche pasticcio. La mamma non si arrabbia n\u00e9 scoraggia, ma con gentilezza reindirizza l&#8217;attenzione (e le mani) di Peggy verso qualche altra attivit\u00e0.<\/p>\n\n\n\n<p><em><a href=\"https:\/\/amzn.to\/3F5rOkh\" target=\"_blank\" rel=\"noreferrer noopener\">Peggy fa giardinaggio<\/a><\/em> \u00e8 un libro perfetto per bambine e bambini dai 2 anni in su.<\/p>\n\n\n\n<h3 class=\"wp-block-heading\">3. <em>Mollan, un giorno con la nonna<\/em>, di Lena Anderson, trad. Laura Cangemi<\/h3>\n\n\n\n<figure class=\"wp-block-image size-large\"><img decoding=\"async\" width=\"1024\" height=\"512\" src=\"https:\/\/annaaresi.com\/it\/wp-content\/uploads\/sites\/2\/2025\/05\/dieci-libri-in-italiano-da-leggere-in-vacanza-3-1024x512.jpg\" alt=\"\" class=\"wp-image-856\" srcset=\"https:\/\/annaaresi.com\/it\/wp-content\/uploads\/sites\/2\/2025\/05\/dieci-libri-in-italiano-da-leggere-in-vacanza-3-1024x512.jpg 1024w, https:\/\/annaaresi.com\/it\/wp-content\/uploads\/sites\/2\/2025\/05\/dieci-libri-in-italiano-da-leggere-in-vacanza-3-300x150.jpg 300w, https:\/\/annaaresi.com\/it\/wp-content\/uploads\/sites\/2\/2025\/05\/dieci-libri-in-italiano-da-leggere-in-vacanza-3-768x384.jpg 768w, https:\/\/annaaresi.com\/it\/wp-content\/uploads\/sites\/2\/2025\/05\/dieci-libri-in-italiano-da-leggere-in-vacanza-3-1536x768.jpg 1536w, https:\/\/annaaresi.com\/it\/wp-content\/uploads\/sites\/2\/2025\/05\/dieci-libri-in-italiano-da-leggere-in-vacanza-3-2048x1024.jpg 2048w\" sizes=\"(max-width: 1024px) 100vw, 1024px\" \/><\/figure>\n\n\n\n<p>L&#8217;estate \u00e8 uno di quei periodi in cui nonne e nonni vengono in soccorso e trascorrono pi\u00f9 tempo con i e le proprie nipoti. In&nbsp;<em><a href=\"https:\/\/amzn.to\/3QAryLW\" target=\"_blank\" rel=\"noreferrer noopener\">Mollan. Un giorno con la nonna<\/a><\/em>, la piccola Mollan trascorre l\u2019intera giornata, dal momento del risveglio fino all\u2019ora della nanna, con la nonna.<\/p>\n\n\n\n<p><strong>\u00c8 un libro pensato per piccolissimi, con azioni chiare, in ordine cronologico e immagini che si stagliano nette su uno sfondo bianco<\/strong>. Dei bambini e delle bambine che hanno ancora i nonni, alcuni hanno con loro un rapporto quasi quotidiano, altri li vedono molto meno spesso. Eppure \u00e8 sempre un rapporto speciale, raccontato qui in maniera altrettanto speciale.<\/p>\n\n\n\n<h2 class=\"wp-block-heading\">Perfetti per l&#8217;et\u00e0 prescolare (3-5 anni)<\/h2>\n\n\n\n<h3 class=\"wp-block-heading\"><em>Nel mio giardino il mondo<\/em>, di Irene Penazzi<\/h3>\n\n\n\n<figure class=\"wp-block-image size-full\"><img loading=\"lazy\" decoding=\"async\" width=\"870\" height=\"455\" src=\"https:\/\/annaaresi.com\/it\/wp-content\/uploads\/sites\/2\/2025\/05\/dieci-libri-da-leggere-in-vacanza-4.jpg\" alt=\"\" class=\"wp-image-858\" srcset=\"https:\/\/annaaresi.com\/it\/wp-content\/uploads\/sites\/2\/2025\/05\/dieci-libri-da-leggere-in-vacanza-4.jpg 870w, https:\/\/annaaresi.com\/it\/wp-content\/uploads\/sites\/2\/2025\/05\/dieci-libri-da-leggere-in-vacanza-4-300x157.jpg 300w, https:\/\/annaaresi.com\/it\/wp-content\/uploads\/sites\/2\/2025\/05\/dieci-libri-da-leggere-in-vacanza-4-768x402.jpg 768w\" sizes=\"(max-width: 870px) 100vw, 870px\" \/><\/figure>\n\n\n\n<p><em><a href=\"https:\/\/amzn.to\/4jb477V\" target=\"_blank\" rel=\"noreferrer noopener\">Nel mio giardino il mondo<\/a><\/em> \u00e8 un silent book che che segue&nbsp;l\u2019avvicendarsi delle stagioni nel giardino di tre fratelli.<\/p>\n\n\n\n<p>\u00c8 un albo ricchissimo di particolari che contiene anche filoni narrativi secondari&nbsp;che si sviluppano accanto a quello principale. <strong>\u00c8 un libro che si pu\u00f2 cominciare a sfogliare e raccontare insieme gi\u00e0 dai 3 anni e che, lettura dopo lettura, crescer\u00e0 insieme ai nostri bambini.<\/strong><\/p>\n\n\n\n<p>Amo in particolare il fatto che le illustrazioni suggeriscano in modo molto chiaro il<strong>&nbsp;<\/strong>ritmo della storia: dalla trepidazione della primavera alla frenesia dell\u2019estate rallentando nella pienezza dell\u2019autunno fino al silenzio e alla stasi quasi totali dell\u2019inverno.<\/p>\n\n\n\n<h3 class=\"wp-block-heading\"><em>Un grande giorno di niente<\/em>, di Beatrice Alemagna<\/h3>\n\n\n\n<figure class=\"wp-block-image size-full is-resized\"><img loading=\"lazy\" decoding=\"async\" width=\"600\" height=\"392\" src=\"https:\/\/annaaresi.com\/it\/wp-content\/uploads\/sites\/2\/2025\/05\/dieci-libri-da-leggere-in-vacanza-5.jpg\" alt=\"\" class=\"wp-image-859\" style=\"width:800px;height:auto\" srcset=\"https:\/\/annaaresi.com\/it\/wp-content\/uploads\/sites\/2\/2025\/05\/dieci-libri-da-leggere-in-vacanza-5.jpg 600w, https:\/\/annaaresi.com\/it\/wp-content\/uploads\/sites\/2\/2025\/05\/dieci-libri-da-leggere-in-vacanza-5-300x196.jpg 300w\" sizes=\"(max-width: 600px) 100vw, 600px\" \/><\/figure>\n\n\n\n<p>A noi grandi capita spesso di rimpiangere le lunghe giornate estive della nostra infanzia, che sembravano infinite e piene di&#8230;niente! <\/p>\n\n\n\n<p>Per i pi\u00f9 piccoli, invece, la noia e il niente sembrano essere una croce, come sa qualsiasi genitore che si sia mai sentito dire &#8220;non so cosa fare&#8221; o &#8220;mi annoio&#8221;.<\/p>\n\n\n\n<p>In <em><a href=\"https:\/\/amzn.to\/4kPzlTB\" target=\"_blank\" rel=\"noreferrer noopener\">Un grande giorno di niente<\/a><\/em>, <strong>un&#8217;uggiosa giornata di pioggia che sembra non promettere altro che &#8220;niente&#8221; si trasforma in un&#8217;avventura indimenticabile all&#8217;aria aperta.<\/strong><\/p>\n\n\n\n<h3 class=\"wp-block-heading\"><em>In spiaggia<\/em>, di Susanna Mattiangeli e Vesseva Nikolova<\/h3>\n\n\n\n<figure class=\"wp-block-image size-full\"><img loading=\"lazy\" decoding=\"async\" width=\"970\" height=\"500\" src=\"https:\/\/annaaresi.com\/it\/wp-content\/uploads\/sites\/2\/2025\/05\/dieci-libri-in-italiano-da-leggere-in-vacanza-6.jpg\" alt=\"\" class=\"wp-image-857\" srcset=\"https:\/\/annaaresi.com\/it\/wp-content\/uploads\/sites\/2\/2025\/05\/dieci-libri-in-italiano-da-leggere-in-vacanza-6.jpg 970w, https:\/\/annaaresi.com\/it\/wp-content\/uploads\/sites\/2\/2025\/05\/dieci-libri-in-italiano-da-leggere-in-vacanza-6-300x155.jpg 300w, https:\/\/annaaresi.com\/it\/wp-content\/uploads\/sites\/2\/2025\/05\/dieci-libri-in-italiano-da-leggere-in-vacanza-6-768x396.jpg 768w\" sizes=\"(max-width: 970px) 100vw, 970px\" \/><\/figure>\n\n\n\n<p><a href=\"https:\/\/amzn.to\/3HDii8T\" target=\"_blank\" rel=\"noreferrer noopener\"><em>In spiaggia<\/em> <\/a>\u00e8 un albo illustrato ricchissimo di dettagli che mostra una giornata al mare dal punto di vista di una bambina a cui all&#8217;inizio viene detto di mettersi buona a scavare una buca nella sabbia e non allontanarsi.<\/p>\n\n\n\n<p>La bambina si mette al lavoro, con tutta l&#8217;attenzione, la dedizione e la seriet\u00e0 con cui bambine e bambini di svariate et\u00e0 si dedicano allo scavo e alla costruzione di montagne e gallerie e soprattutto l&#8217;eterno via vai dalla riva al &#8220;cantiere&#8221; con secchiellate di acqua marina. Guardare i bambini al lavoro sulla spiaggia \u00e8 uno spettacolo che mi ha sempre affascinata e riempita di rispetto per l&#8217;infanzia.<\/p>\n\n\n\n<p>Attraverso gli occhi della solerte costruttrice, <strong>osserviamo anche noi il &#8220;microcosmo spiaggia&#8221; in ogni pi\u00f9 piccolo dettaglio:<\/strong> c&#8217;\u00e8 una rassegna di &#8220;cose belle da fare in spiaggia&#8221; (&#8220;scavare un tunnel e farci entrare il mare&#8221;, &#8220;spiare quelli che tengono indietro la pancia&#8221;, &#8220;diventare amico di qualcuno che ha il canotto&#8221;) e persino un catalogo di &#8220;sederi da spiaggia&#8221;. <\/p>\n\n\n\n<p><strong>Il lessico \u00e8 ricco e variegato<\/strong>, la storia ben modulata e avvincente. Assolutamente da leggere, in spiaggia e non!<\/p>\n\n\n\n<h3 class=\"wp-block-heading\"><em>Su e gi\u00f9 per le montagne<\/em>, di Irene Penazzi<\/h3>\n\n\n\n<figure class=\"wp-block-image size-full\"><img loading=\"lazy\" decoding=\"async\" width=\"1000\" height=\"711\" src=\"https:\/\/annaaresi.com\/it\/wp-content\/uploads\/sites\/2\/2025\/05\/dieci-libri-in-italiano-da-leggere-in-vacanza-7.jpg\" alt=\"\" class=\"wp-image-913\" srcset=\"https:\/\/annaaresi.com\/it\/wp-content\/uploads\/sites\/2\/2025\/05\/dieci-libri-in-italiano-da-leggere-in-vacanza-7.jpg 1000w, https:\/\/annaaresi.com\/it\/wp-content\/uploads\/sites\/2\/2025\/05\/dieci-libri-in-italiano-da-leggere-in-vacanza-7-300x213.jpg 300w, https:\/\/annaaresi.com\/it\/wp-content\/uploads\/sites\/2\/2025\/05\/dieci-libri-in-italiano-da-leggere-in-vacanza-7-768x546.jpg 768w\" sizes=\"(max-width: 1000px) 100vw, 1000px\" \/><\/figure>\n\n\n\n<p>Per quanto la diatriba vacanze al mare o in montagna sia molto italiana, \u00e8 indubbio che sia i paesaggi marini che quelli montani sono dei posti meravigliosi dove trascorrere momenti di divertimento e riposo con la propria famiglia.<\/p>\n\n\n\n<p>Se il libro di prima esplora tutti gli aspetti della spiaggia, <em><a href=\"https:\/\/amzn.to\/43CrjaS\" target=\"_blank\" rel=\"noreferrer noopener\">Su e gi\u00f9 per le montagne<\/a><\/em> \u00e8 un <strong><em>silent book <\/em>che ci accompagna alla scoperta dei monti.<\/strong> Chi, come me, abita in Nord America potr\u00e0 pensare anche ai grandi boschi e ai laghi di questo continente e al senso di avventura che ci inebria quando ci ritroviamo immersi nel silenzio e nella vastit\u00e0 dei paesaggi montani.<\/p>\n\n\n\n<h2 class=\"wp-block-heading\">Libri in italiano da leggere insieme o in autonomia (dai 5 anni)<\/h2>\n\n\n\n<h3 class=\"wp-block-heading\"><em>Dory fantasmagorica<\/em>, di Abby Hanlon, trad. Sara Ragusa (serie di sei libri)<\/h3>\n\n\n\n<p>Chi mi conosce sa che nella mia famiglia siamo fan sfegatate di Dory, che leggiamo quasi quotidianamente da pi\u00f9 di due anni a questa parte. <\/p>\n\n\n\n<p>Se ancora non la conosci,<strong> l&#8217;estate sar\u00e0 un momento perfetto per conoscere la fantasmagorica Dory e il suo gruppo di amici &#8211; reali e immaginari.<\/strong><\/p>\n\n\n\n<p>Eh s\u00ec, perch\u00e9 Dory ha una fantasia talmente fervida che il suo mondo \u00e8 popolato da persone sia reali (mamma e pap\u00e0, fratello e sorella, la sua migliore amica Rosabelle) che immaginarie (il suo mostro Mary, la sua fata madrina il Signor Bocconcino, la cattiva Signora Arraffagracchi).<\/p>\n\n\n\n<p>Nel corso dei sei libri Dory comincia la scuola, incontra nuovi amici, combatte svariate battaglie, perde il suo primo dente, salva la fata dei denti dalle grinfie della Signora Arraffagracchi, celebra un matrimonio&#8230;e molto altro ancora!<\/p>\n\n\n\n<p><em><a href=\"https:\/\/amzn.to\/4l0e5dF\" target=\"_blank\" rel=\"noreferrer noopener\">Dory fantasmagorica<\/a><\/em><br><em><a href=\"https:\/\/amzn.to\/4l28OSY\" target=\"_blank\" rel=\"noreferrer noopener\">Dory fantasmagorica trova un&#8217;amica (per davvero)<\/a><\/em><br><em><a href=\"https:\/\/amzn.to\/45YleH0\" target=\"_blank\" rel=\"noreferrer noopener\">Dory fantasmagorica. Una pecora nera a scuola<\/a><\/em><br><em><a href=\"https:\/\/amzn.to\/43N7KLy\" target=\"_blank\" rel=\"noreferrer noopener\">Dory fantasmagorica con la testa fra le nuvole<\/a><\/em><br><em><a href=\"https:\/\/amzn.to\/3SN0UAU\" target=\"_blank\" rel=\"noreferrer noopener\">Dory fantasmagorica. All&#8217;arrembaggio!<\/a><\/em><br><em><a href=\"https:\/\/amzn.to\/3SKP5LB\" target=\"_blank\" rel=\"noreferrer noopener\">Dory fantasmagorica. Ti voglio tutta per me<\/a><\/em><\/p>\n\n\n\n<h3 class=\"wp-block-heading\"><em>Il giardino delle meduse<\/em>, di Paola Vitale e Rossana Boss\u00f9<\/h3>\n\n\n\n<figure class=\"wp-block-image size-large\"><img loading=\"lazy\" decoding=\"async\" width=\"1024\" height=\"668\" src=\"https:\/\/annaaresi.com\/it\/wp-content\/uploads\/sites\/2\/2025\/06\/dieco-libri-in-italiano-da-leggere-in-vacanza-8-1024x668.jpg\" alt=\"\" class=\"wp-image-943\" srcset=\"https:\/\/annaaresi.com\/it\/wp-content\/uploads\/sites\/2\/2025\/06\/dieco-libri-in-italiano-da-leggere-in-vacanza-8-1024x668.jpg 1024w, https:\/\/annaaresi.com\/it\/wp-content\/uploads\/sites\/2\/2025\/06\/dieco-libri-in-italiano-da-leggere-in-vacanza-8-300x196.jpg 300w, https:\/\/annaaresi.com\/it\/wp-content\/uploads\/sites\/2\/2025\/06\/dieco-libri-in-italiano-da-leggere-in-vacanza-8-768x501.jpg 768w, https:\/\/annaaresi.com\/it\/wp-content\/uploads\/sites\/2\/2025\/06\/dieco-libri-in-italiano-da-leggere-in-vacanza-8-1536x1002.jpg 1536w, https:\/\/annaaresi.com\/it\/wp-content\/uploads\/sites\/2\/2025\/06\/dieco-libri-in-italiano-da-leggere-in-vacanza-8.jpg 1811w\" sizes=\"(max-width: 1024px) 100vw, 1024px\" \/><\/figure>\n\n\n\n<p>Io sono cresciuta con un vero e proprio terrore delle meduse. Mi piace l&#8217;acqua, mi piace nuotare, ma mi ha sempre turbato il fatto di sapere che insieme a me nell&#8217;acqua nuotavano &#8211; non viste &#8211; centinaia di altre creature. Se sentivo qualcosa sfiorarmi le gambe o, peggio, se vedevo meduse morte portate a riva dalle onde, schizzavo immediatamente fuori dall&#8217;acqua in preda al panico.<\/p>\n\n\n\n<p>Per fortuna i miei figli &#8211; che in questo momento sono nella fase &#8220;da grande voglio fare il biologo&#8221;, &#8220;da grande voglio fare la scienziata&#8221; &#8211; hanno un&#8217;indole pi\u00f9 curiosa e meno giudicante. <strong>Grazie a loro ho riscoperto il fascino di microscopi e binocoli, dell&#8217;osservazione paziente e curiosa del mondo naturale che ci circonda.<\/strong><\/p>\n\n\n\n<p><a href=\"https:\/\/amzn.to\/45luPaD\" target=\"_blank\" rel=\"noreferrer noopener\">Il giardino delle meduse<\/a> \u00e8 un <strong>libro divulgativo che dialoga con la naturale curiosit\u00e0 e attrazione di bambine e bambini per <em>tutte<\/em> le creature<\/strong>, non solo quelle convenzionalmente considerate carine e tenerne, ma anche quelle pi\u00f9 raccapriccianti e pericolose. Come le meduse!<\/p>\n\n\n\n<p>Oltre ad essere ricco di <strong>fatti e informazioni interessanti su tutti i tipi di meduse<\/strong>, questo libro ne pone in relazione la vita e la presenza con <strong>questioni pi\u00f9 grandi e pressanti legate al cambiamento climatico e alla vita di mari e oceani<\/strong>. Ci permette quindi di allargare lo sguardo e di cogliere l&#8217;interconnessione tra questi affascinanti organismi e gli equilibri ecologici del nostro pianeta.<\/p>\n\n\n\n<h3 class=\"wp-block-heading\"><em>Mitica Astrid. La casa infestata<\/em>, di Fabrice Parme e V\u00e9ronique Dreher, trad. Eleonora Armaroli<\/h3>\n\n\n\n<figure class=\"wp-block-image size-full\"><img loading=\"lazy\" decoding=\"async\" width=\"1000\" height=\"655\" src=\"https:\/\/annaaresi.com\/it\/wp-content\/uploads\/sites\/2\/2025\/06\/dieci-libri-in-italiano-da-leggere-in-vacanza-9.jpg\" alt=\"\" class=\"wp-image-945\" srcset=\"https:\/\/annaaresi.com\/it\/wp-content\/uploads\/sites\/2\/2025\/06\/dieci-libri-in-italiano-da-leggere-in-vacanza-9.jpg 1000w, https:\/\/annaaresi.com\/it\/wp-content\/uploads\/sites\/2\/2025\/06\/dieci-libri-in-italiano-da-leggere-in-vacanza-9-300x197.jpg 300w, https:\/\/annaaresi.com\/it\/wp-content\/uploads\/sites\/2\/2025\/06\/dieci-libri-in-italiano-da-leggere-in-vacanza-9-768x503.jpg 768w\" sizes=\"(max-width: 1000px) 100vw, 1000px\" \/><\/figure>\n\n\n\n<p><em><a href=\"https:\/\/amzn.to\/4mWgHex\" target=\"_blank\" rel=\"noreferrer noopener\">Mitica Astrid e la casa infestata<\/a><\/em> \u00e8 il primo di due libri a fumetti pubblicati in italiano che hanno come protagonista la piccola Astrid (nell&#8217;originale francese ne ho contati almeno otto). Chiss\u00e0 che non arrivino presto altri episodi anche in italiano).<\/p>\n\n\n\n<p>In questo primo volume, Astrid, la giovane rampolla di una famiglia benestante, resta a casa da sola con i domestici, mentre i genitori sono in viaggio.<\/p>\n\n\n\n<p><strong>Ed ecco che accade un fatto importantissimo: comincia a dondolare il suo primo dentino<\/strong>! Astrid, per\u00f2, \u00e8 diffidente e incredula dell&#8217;esistenza del topolino dei denti e <strong>si mette in testa di dimostrare a tutti che il topolino non esiste.<\/strong> Se non che, il topolino compare&#8230; ma in modo molto diverso da come si era immaginata lei! <strong>Astrid diventa detective e finir\u00e0 per svelare una macchinazione inaspettata, con protagonisti altrettanto inaspettati.<\/strong><\/p>\n\n\n\n<p>Questa prima avventura di Astrid non ha legami espliciti con il periodo estivo, ma l&#8217;apertura con la partenza dei genitori e il classico &#8220;non so cosa fare&#8221;, i tempi dilatati delle giornate e libert\u00e0 di cui gode sotto la supervisione dei domestici inseriscono la storia in <strong>un tempo sospeso, quasi magico, un tempo del &#8220;possibile&#8221; che richiama il tempo della vacanza.<\/strong> <\/p>\n\n\n\n<p>Se questo libro vi piace, potete godervelo quest&#8217;estate e poi passare al secondo episodio,<em><a href=\"https:\/\/amzn.to\/3FCfkkt\" target=\"_blank\" rel=\"noreferrer noopener\"> In classe con i fantasmi<\/a><\/em>, perfetto per il rientro a scuola!<\/p>\n\n\n\n<h2 class=\"wp-block-heading\">Cosa leggerete quest&#8217;estate nella tua famiglia multilingue?<\/h2>\n\n\n\n<p>Questa breve rassegna di letture estive in italiano si conclude qui. Spero che ti abbia fornito qualche idea per leggere insieme quest&#8217;estate!<\/p>\n\n\n\n<p>Desideri approfondire il tema del multilinguismo in famiglia? O hai bisogno di consigli personalizzati per coltivare la lettura in italiano con le tue bambine o i tuoi bambini?\u00a0<strong>Le mie <a href=\"https:\/\/annaaresi.com\/it\/consulenza-famiglie-multilingue\/\" target=\"_blank\" rel=\"noreferrer noopener\">consulenze individuali<\/a> sono pensate per le esigenze delle famiglie bilingui e multilingui<\/strong> <strong>come la tua!<\/strong><\/p>\n\n\n\n<div class=\"wp-block-buttons is-content-justification-center is-layout-flex wp-container-core-buttons-is-layout-a89b3969 wp-block-buttons-is-layout-flex\">\n<div class=\"wp-block-button\"><a class=\"wp-block-button__link wp-element-button\" href=\"https:\/\/annaaresi.com\/it\/consulenza-famiglie-multilingue\/\">Scopri le consulenze 1:1 per famiglie<\/a><\/div>\n<\/div>\n\n\n\n<p><\/p>\n","protected":false},"excerpt":{"rendered":"<p>Se hai una famiglia multilingue che parla anche italiano e sei alla ricerca di consigli di lettura per l&#8217;estate, ecco una selezione di dieci titoli in italiano per diverse fasce d\u2019et\u00e0.<\/p>\n","protected":false},"author":5,"featured_media":848,"comment_status":"open","ping_status":"open","sticky":false,"template":"","format":"standard","meta":{"_trash_the_other_posts":false,"editor_notices":[],"footnotes":""},"categories":[39],"tags":[],"class_list":["post-847","post","type-post","status-publish","format-standard","has-post-thumbnail","hentry","category-risorse-bambini-multilingue"],"yoast_head":"<!-- This site is optimized with the Yoast SEO plugin v26.3 - https:\/\/yoast.com\/wordpress\/plugins\/seo\/ -->\n<title>Dieci libri in italiano per bambini da leggere in vacanza<\/title>\n<meta name=\"description\" content=\"Ecco dieci libri in italiano per bambini e bambine dagli 0 agli 8 anni. Perfetti per coltivare l&#039;italiano in vacanza!\" \/>\n<meta name=\"robots\" content=\"index, follow, max-snippet:-1, max-image-preview:large, max-video-preview:-1\" \/>\n<link rel=\"canonical\" href=\"https:\/\/annaaresi.com\/it\/libri-in-italiano-per-bambini\/\" \/>\n<meta property=\"og:locale\" content=\"it_IT\" \/>\n<meta property=\"og:type\" content=\"article\" \/>\n<meta property=\"og:title\" content=\"Dieci libri in italiano per bambini da leggere in vacanza\" \/>\n<meta property=\"og:description\" content=\"Ecco dieci libri in italiano per bambini e bambine dagli 0 agli 8 anni. Perfetti per coltivare l&#039;italiano in vacanza!\" \/>\n<meta property=\"og:url\" content=\"https:\/\/annaaresi.com\/it\/libri-in-italiano-per-bambini\/\" \/>\n<meta property=\"og:site_name\" content=\"Anna Aresi\" \/>\n<meta property=\"article:published_time\" content=\"2025-06-13T14:16:08+00:00\" \/>\n<meta property=\"article:modified_time\" content=\"2025-11-24T20:16:04+00:00\" \/>\n<meta property=\"og:image\" content=\"https:\/\/annaaresi.com\/it\/wp-content\/uploads\/sites\/2\/2025\/05\/dieci-libri-in-italiano-da-leggere-in-vacanza.jpg\" \/>\n\t<meta property=\"og:image:width\" content=\"1080\" \/>\n\t<meta property=\"og:image:height\" content=\"1080\" \/>\n\t<meta property=\"og:image:type\" content=\"image\/jpeg\" \/>\n<meta name=\"author\" content=\"editoreannaaresi\" \/>\n<meta name=\"twitter:card\" content=\"summary_large_image\" \/>\n<meta name=\"twitter:label1\" content=\"Scritto da\" \/>\n\t<meta name=\"twitter:data1\" content=\"editoreannaaresi\" \/>\n\t<meta name=\"twitter:label2\" content=\"Tempo di lettura stimato\" \/>\n\t<meta name=\"twitter:data2\" content=\"11 minuti\" \/>\n<script type=\"application\/ld+json\" class=\"yoast-schema-graph\">{\"@context\":\"https:\/\/schema.org\",\"@graph\":[{\"@type\":\"WebPage\",\"@id\":\"https:\/\/annaaresi.com\/it\/libri-in-italiano-per-bambini\/\",\"url\":\"https:\/\/annaaresi.com\/it\/libri-in-italiano-per-bambini\/\",\"name\":\"Dieci libri in italiano per bambini da leggere in vacanza\",\"isPartOf\":{\"@id\":\"https:\/\/annaaresi.com\/it\/#website\"},\"primaryImageOfPage\":{\"@id\":\"https:\/\/annaaresi.com\/it\/libri-in-italiano-per-bambini\/#primaryimage\"},\"image\":{\"@id\":\"https:\/\/annaaresi.com\/it\/libri-in-italiano-per-bambini\/#primaryimage\"},\"thumbnailUrl\":\"https:\/\/annaaresi.com\/it\/wp-content\/uploads\/sites\/2\/2025\/05\/dieci-libri-in-italiano-da-leggere-in-vacanza.jpg\",\"datePublished\":\"2025-06-13T14:16:08+00:00\",\"dateModified\":\"2025-11-24T20:16:04+00:00\",\"author\":{\"@id\":\"https:\/\/annaaresi.com\/it\/#\/schema\/person\/0271243d79f020b3ee3f85984db26518\"},\"description\":\"Ecco dieci libri in italiano per bambini e bambine dagli 0 agli 8 anni. Perfetti per coltivare l'italiano in vacanza!\",\"breadcrumb\":{\"@id\":\"https:\/\/annaaresi.com\/it\/libri-in-italiano-per-bambini\/#breadcrumb\"},\"inLanguage\":\"it-IT\",\"potentialAction\":[{\"@type\":\"ReadAction\",\"target\":[\"https:\/\/annaaresi.com\/it\/libri-in-italiano-per-bambini\/\"]}]},{\"@type\":\"ImageObject\",\"inLanguage\":\"it-IT\",\"@id\":\"https:\/\/annaaresi.com\/it\/libri-in-italiano-per-bambini\/#primaryimage\",\"url\":\"https:\/\/annaaresi.com\/it\/wp-content\/uploads\/sites\/2\/2025\/05\/dieci-libri-in-italiano-da-leggere-in-vacanza.jpg\",\"contentUrl\":\"https:\/\/annaaresi.com\/it\/wp-content\/uploads\/sites\/2\/2025\/05\/dieci-libri-in-italiano-da-leggere-in-vacanza.jpg\",\"width\":1080,\"height\":1080,\"caption\":\"Due bambine leggono insieme un albo illustrato\"},{\"@type\":\"BreadcrumbList\",\"@id\":\"https:\/\/annaaresi.com\/it\/libri-in-italiano-per-bambini\/#breadcrumb\",\"itemListElement\":[{\"@type\":\"ListItem\",\"position\":1,\"name\":\"Home\",\"item\":\"https:\/\/annaaresi.com\/it\/\"},{\"@type\":\"ListItem\",\"position\":2,\"name\":\"Dieci libri in italiano da leggere in vacanza\"}]},{\"@type\":\"WebSite\",\"@id\":\"https:\/\/annaaresi.com\/it\/#website\",\"url\":\"https:\/\/annaaresi.com\/it\/\",\"name\":\"Anna Aresi\",\"description\":\"Consulente multilingue per docenti e famiglie\",\"potentialAction\":[{\"@type\":\"SearchAction\",\"target\":{\"@type\":\"EntryPoint\",\"urlTemplate\":\"https:\/\/annaaresi.com\/it\/?s={search_term_string}\"},\"query-input\":{\"@type\":\"PropertyValueSpecification\",\"valueRequired\":true,\"valueName\":\"search_term_string\"}}],\"inLanguage\":\"it-IT\"},{\"@type\":\"Person\",\"@id\":\"https:\/\/annaaresi.com\/it\/#\/schema\/person\/0271243d79f020b3ee3f85984db26518\",\"name\":\"editoreannaaresi\",\"image\":{\"@type\":\"ImageObject\",\"inLanguage\":\"it-IT\",\"@id\":\"https:\/\/annaaresi.com\/it\/#\/schema\/person\/image\/\",\"url\":\"https:\/\/secure.gravatar.com\/avatar\/ee7538bf5c0af8cd9393e2db696ca983cf8c8f49b25dfb65821247de2119854a?s=96&d=mm&r=g\",\"contentUrl\":\"https:\/\/secure.gravatar.com\/avatar\/ee7538bf5c0af8cd9393e2db696ca983cf8c8f49b25dfb65821247de2119854a?s=96&d=mm&r=g\",\"caption\":\"editoreannaaresi\"}}]}<\/script>\n<!-- \/ Yoast SEO plugin. -->","yoast_head_json":{"title":"Dieci libri in italiano per bambini da leggere in vacanza","description":"Ecco dieci libri in italiano per bambini e bambine dagli 0 agli 8 anni. Perfetti per coltivare l'italiano in vacanza!","robots":{"index":"index","follow":"follow","max-snippet":"max-snippet:-1","max-image-preview":"max-image-preview:large","max-video-preview":"max-video-preview:-1"},"canonical":"https:\/\/annaaresi.com\/it\/libri-in-italiano-per-bambini\/","og_locale":"it_IT","og_type":"article","og_title":"Dieci libri in italiano per bambini da leggere in vacanza","og_description":"Ecco dieci libri in italiano per bambini e bambine dagli 0 agli 8 anni. Perfetti per coltivare l'italiano in vacanza!","og_url":"https:\/\/annaaresi.com\/it\/libri-in-italiano-per-bambini\/","og_site_name":"Anna Aresi","article_published_time":"2025-06-13T14:16:08+00:00","article_modified_time":"2025-11-24T20:16:04+00:00","og_image":[{"width":1080,"height":1080,"url":"https:\/\/annaaresi.com\/it\/wp-content\/uploads\/sites\/2\/2025\/05\/dieci-libri-in-italiano-da-leggere-in-vacanza.jpg","type":"image\/jpeg"}],"author":"editoreannaaresi","twitter_card":"summary_large_image","twitter_misc":{"Scritto da":"editoreannaaresi","Tempo di lettura stimato":"11 minuti"},"schema":{"@context":"https:\/\/schema.org","@graph":[{"@type":"WebPage","@id":"https:\/\/annaaresi.com\/it\/libri-in-italiano-per-bambini\/","url":"https:\/\/annaaresi.com\/it\/libri-in-italiano-per-bambini\/","name":"Dieci libri in italiano per bambini da leggere in vacanza","isPartOf":{"@id":"https:\/\/annaaresi.com\/it\/#website"},"primaryImageOfPage":{"@id":"https:\/\/annaaresi.com\/it\/libri-in-italiano-per-bambini\/#primaryimage"},"image":{"@id":"https:\/\/annaaresi.com\/it\/libri-in-italiano-per-bambini\/#primaryimage"},"thumbnailUrl":"https:\/\/annaaresi.com\/it\/wp-content\/uploads\/sites\/2\/2025\/05\/dieci-libri-in-italiano-da-leggere-in-vacanza.jpg","datePublished":"2025-06-13T14:16:08+00:00","dateModified":"2025-11-24T20:16:04+00:00","author":{"@id":"https:\/\/annaaresi.com\/it\/#\/schema\/person\/0271243d79f020b3ee3f85984db26518"},"description":"Ecco dieci libri in italiano per bambini e bambine dagli 0 agli 8 anni. Perfetti per coltivare l'italiano in vacanza!","breadcrumb":{"@id":"https:\/\/annaaresi.com\/it\/libri-in-italiano-per-bambini\/#breadcrumb"},"inLanguage":"it-IT","potentialAction":[{"@type":"ReadAction","target":["https:\/\/annaaresi.com\/it\/libri-in-italiano-per-bambini\/"]}]},{"@type":"ImageObject","inLanguage":"it-IT","@id":"https:\/\/annaaresi.com\/it\/libri-in-italiano-per-bambini\/#primaryimage","url":"https:\/\/annaaresi.com\/it\/wp-content\/uploads\/sites\/2\/2025\/05\/dieci-libri-in-italiano-da-leggere-in-vacanza.jpg","contentUrl":"https:\/\/annaaresi.com\/it\/wp-content\/uploads\/sites\/2\/2025\/05\/dieci-libri-in-italiano-da-leggere-in-vacanza.jpg","width":1080,"height":1080,"caption":"Due bambine leggono insieme un albo illustrato"},{"@type":"BreadcrumbList","@id":"https:\/\/annaaresi.com\/it\/libri-in-italiano-per-bambini\/#breadcrumb","itemListElement":[{"@type":"ListItem","position":1,"name":"Home","item":"https:\/\/annaaresi.com\/it\/"},{"@type":"ListItem","position":2,"name":"Dieci libri in italiano da leggere in vacanza"}]},{"@type":"WebSite","@id":"https:\/\/annaaresi.com\/it\/#website","url":"https:\/\/annaaresi.com\/it\/","name":"Anna Aresi","description":"Consulente multilingue per docenti e famiglie","potentialAction":[{"@type":"SearchAction","target":{"@type":"EntryPoint","urlTemplate":"https:\/\/annaaresi.com\/it\/?s={search_term_string}"},"query-input":{"@type":"PropertyValueSpecification","valueRequired":true,"valueName":"search_term_string"}}],"inLanguage":"it-IT"},{"@type":"Person","@id":"https:\/\/annaaresi.com\/it\/#\/schema\/person\/0271243d79f020b3ee3f85984db26518","name":"editoreannaaresi","image":{"@type":"ImageObject","inLanguage":"it-IT","@id":"https:\/\/annaaresi.com\/it\/#\/schema\/person\/image\/","url":"https:\/\/secure.gravatar.com\/avatar\/ee7538bf5c0af8cd9393e2db696ca983cf8c8f49b25dfb65821247de2119854a?s=96&d=mm&r=g","contentUrl":"https:\/\/secure.gravatar.com\/avatar\/ee7538bf5c0af8cd9393e2db696ca983cf8c8f49b25dfb65821247de2119854a?s=96&d=mm&r=g","caption":"editoreannaaresi"}}]}},"_links":{"self":[{"href":"https:\/\/annaaresi.com\/it\/wp-json\/wp\/v2\/posts\/847","targetHints":{"allow":["GET"]}}],"collection":[{"href":"https:\/\/annaaresi.com\/it\/wp-json\/wp\/v2\/posts"}],"about":[{"href":"https:\/\/annaaresi.com\/it\/wp-json\/wp\/v2\/types\/post"}],"author":[{"embeddable":true,"href":"https:\/\/annaaresi.com\/it\/wp-json\/wp\/v2\/users\/5"}],"replies":[{"embeddable":true,"href":"https:\/\/annaaresi.com\/it\/wp-json\/wp\/v2\/comments?post=847"}],"version-history":[{"count":39,"href":"https:\/\/annaaresi.com\/it\/wp-json\/wp\/v2\/posts\/847\/revisions"}],"predecessor-version":[{"id":1699,"href":"https:\/\/annaaresi.com\/it\/wp-json\/wp\/v2\/posts\/847\/revisions\/1699"}],"wp:featuredmedia":[{"embeddable":true,"href":"https:\/\/annaaresi.com\/it\/wp-json\/wp\/v2\/media\/848"}],"wp:attachment":[{"href":"https:\/\/annaaresi.com\/it\/wp-json\/wp\/v2\/media?parent=847"}],"wp:term":[{"taxonomy":"category","embeddable":true,"href":"https:\/\/annaaresi.com\/it\/wp-json\/wp\/v2\/categories?post=847"},{"taxonomy":"post_tag","embeddable":true,"href":"https:\/\/annaaresi.com\/it\/wp-json\/wp\/v2\/tags?post=847"}],"curies":[{"name":"wp","href":"https:\/\/api.w.org\/{rel}","templated":true}]}}